{"id":12868,"date":"2026-03-07T18:54:27","date_gmt":"2026-03-07T23:54:27","guid":{"rendered":"https:\/\/claretianocucuta.edu.co\/web\/?p=12868"},"modified":"2026-03-07T18:56:37","modified_gmt":"2026-03-07T23:56:37","slug":"conmemoracion-historica-y-participacion-estudiantil-batalla-de-cucuta","status":"publish","type":"post","link":"https:\/\/claretianocucuta.edu.co\/web\/conmemoracion-historica-y-participacion-estudiantil-batalla-de-cucuta\/","title":{"rendered":"Conmemoraci\u00f3n hist\u00f3rica y participaci\u00f3n estudiantil &#8211; Batalla de C\u00facuta"},"content":{"rendered":"<p class=\"isSelectedEnd\">El pasado martes 3 de marzo, nuestra instituci\u00f3n conmemor\u00f3 el 28 de febrero, Batalla de C\u00facuta, una fecha muy importante para la historia de nuestra ciudad. Este hecho, ocurrido en 1813 y liderado por Sim\u00f3n Bol\u00edvar, marc\u00f3 el inicio de la Campa\u00f1a Admirable y fue un paso clave en la lucha por la independencia. Recordar esta fecha fortalece nuestra identidad cucute\u00f1a y nos invita a valorar la libertad, la historia y el compromiso ciudadano.<\/p>\n<p class=\"isSelectedEnd\">Durante la jornada tambi\u00e9n se realiz\u00f3 la posesi\u00f3n del<strong> Personero Estudiantil 2026, Juan Fernando Ortega<\/strong>, quien asumi\u00f3 el compromiso de representar a los estudiantes y promover sus derechos dentro de la comunidad educativa.<\/p>\n<p class=\"isSelectedEnd\">Asimismo, se llev\u00f3 a cabo la presentaci\u00f3n de los representantes de curso y gestores de paz, estudiantes que contribuir\u00e1n al fortalecimiento de la participaci\u00f3n, la convivencia y el liderazgo en nuestra instituci\u00f3n.<\/p>\n<p class=\"isSelectedEnd\">Felicitamos a todos los estudiantes que asumen estos importantes roles.<\/p>\n","protected":false},"excerpt":{"rendered":"<p>El pasado martes 3 de marzo, nuestra instituci\u00f3n conmemor\u00f3 el 28 de febrero, Batalla de C\u00facuta, una fecha muy importante para la historia de nuestra ciudad. Este hecho, ocurrido en 1813 y liderado por Sim\u00f3n Bol\u00edvar, marc\u00f3 el inicio de &hellip; <\/p>\n","protected":false},"author":9,"featured_media":12882,"comment_status":"closed","ping_status":"closed","sticky":false,"template":"","format":"gallery","meta":{"footnotes":""},"categories":[1],"tags":[],"class_list":["post-12868","post","type-post","status-publish","format-gallery","has-post-thumbnail","hentry","category-sin-categoria","post_format-post-format-gallery"],"_links":{"self":[{"href":"https:\/\/claretianocucuta.edu.co\/web\/wp-json\/wp\/v2\/posts\/12868","targetHints":{"allow":["GET"]}}],"collection":[{"href":"https:\/\/claretianocucuta.edu.co\/web\/wp-json\/wp\/v2\/posts"}],"about":[{"href":"https:\/\/claretianocucuta.edu.co\/web\/wp-json\/wp\/v2\/types\/post"}],"author":[{"embeddable":true,"href":"https:\/\/claretianocucuta.edu.co\/web\/wp-json\/wp\/v2\/users\/9"}],"replies":[{"embeddable":true,"href":"https:\/\/claretianocucuta.edu.co\/web\/wp-json\/wp\/v2\/comments?post=12868"}],"version-history":[{"count":2,"href":"https:\/\/claretianocucuta.edu.co\/web\/wp-json\/wp\/v2\/posts\/12868\/revisions"}],"predecessor-version":[{"id":12886,"href":"https:\/\/claretianocucuta.edu.co\/web\/wp-json\/wp\/v2\/posts\/12868\/revisions\/12886"}],"wp:featuredmedia":[{"embeddable":true,"href":"https:\/\/claretianocucuta.edu.co\/web\/wp-json\/wp\/v2\/media\/12882"}],"wp:attachment":[{"href":"https:\/\/claretianocucuta.edu.co\/web\/wp-json\/wp\/v2\/media?parent=12868"}],"wp:term":[{"taxonomy":"category","embeddable":true,"href":"https:\/\/claretianocucuta.edu.co\/web\/wp-json\/wp\/v2\/categories?post=12868"},{"taxonomy":"post_tag","embeddable":true,"href":"https:\/\/claretianocucuta.edu.co\/web\/wp-json\/wp\/v2\/tags?post=12868"}],"curies":[{"name":"wp","href":"https:\/\/api.w.org\/{rel}","templated":true}]}}