{"id":12623,"date":"2025-01-30T07:00:39","date_gmt":"2025-01-30T12:00:39","guid":{"rendered":"https:\/\/claretianocucuta.edu.co\/web\/?p=12623"},"modified":"2026-02-04T18:34:40","modified_gmt":"2026-02-04T23:34:40","slug":"primera-eucaristia-2025","status":"publish","type":"post","link":"https:\/\/claretianocucuta.edu.co\/web\/primera-eucaristia-2025\/","title":{"rendered":"Primera Eucarist\u00eda 2025"},"content":{"rendered":"<p class=\"\" data-start=\"79\" data-end=\"409\">El pasado <strong data-start=\"89\" data-end=\"104\">30 de enero<\/strong>, la comunidad educativa del <strong data-start=\"133\" data-end=\"165\">Colegio Claretiano de C\u00facuta<\/strong> se reuni\u00f3 en un emotivo encuentro de fe para celebrar la <strong data-start=\"223\" data-end=\"266\">Primera Eucarist\u00eda del a\u00f1o escolar 2025<\/strong>. Este espacio espiritual marc\u00f3 el inicio de un nuevo ciclo acad\u00e9mico, invit\u00e1ndonos a caminar juntos con esperanza, compromiso y solidaridad.<\/p>\n<p class=\"\" data-start=\"411\" data-end=\"817\">En un gesto de amor al pr\u00f3jimo, la celebraci\u00f3n estuvo motivada por la <strong data-start=\"481\" data-end=\"508\">recolecci\u00f3n de mercados<\/strong>, una iniciativa impulsada desde el \u00e1rea pastoral de <strong data-start=\"561\" data-end=\"569\">SOMI<\/strong> y el \u00e1rea acad\u00e9mica de pastoral. Gracias a la generosidad de nuestros estudiantes y sus familias, logramos compartir con quienes m\u00e1s lo necesitan, reafirmando as\u00ed los valores de servicio y fraternidad que nos identifican como familia claretiana.<\/p>\n<p class=\"\" data-start=\"819\" data-end=\"1085\">\ud83d\ude4f Con esta Eucarist\u00eda, encomendamos este a\u00f1o a Dios, pidiendo su gu\u00eda y bendici\u00f3n para cada estudiante, docente y miembro de nuestra comunidad. Que este 2025 sea un a\u00f1o lleno de aprendizaje, crecimiento y acciones que reflejen nuestro compromiso con el Evangelio.<\/p>\n<p class=\"\" data-start=\"1087\" data-end=\"1184\">\ud83d\udc99 <strong data-start=\"1090\" data-end=\"1182\">\u00a1Sigamos construyendo juntos un colegio donde la fe y la solidaridad sean nuestro motor!<\/strong><\/p>\n","protected":false},"excerpt":{"rendered":"<p>El pasado 30 de enero, la comunidad educativa del Colegio Claretiano de C\u00facuta se reuni\u00f3 en un emotivo encuentro de fe para celebrar la Primera Eucarist\u00eda del a\u00f1o escolar 2025. Este espacio espiritual marc\u00f3 el inicio de un nuevo ciclo &hellip; <\/p>\n","protected":false},"author":9,"featured_media":12634,"comment_status":"closed","ping_status":"closed","sticky":false,"template":"","format":"gallery","meta":{"footnotes":""},"categories":[1],"tags":[],"class_list":["post-12623","post","type-post","status-publish","format-gallery","has-post-thumbnail","hentry","category-sin-categoria","post_format-post-format-gallery"],"_links":{"self":[{"href":"https:\/\/claretianocucuta.edu.co\/web\/wp-json\/wp\/v2\/posts\/12623","targetHints":{"allow":["GET"]}}],"collection":[{"href":"https:\/\/claretianocucuta.edu.co\/web\/wp-json\/wp\/v2\/posts"}],"about":[{"href":"https:\/\/claretianocucuta.edu.co\/web\/wp-json\/wp\/v2\/types\/post"}],"author":[{"embeddable":true,"href":"https:\/\/claretianocucuta.edu.co\/web\/wp-json\/wp\/v2\/users\/9"}],"replies":[{"embeddable":true,"href":"https:\/\/claretianocucuta.edu.co\/web\/wp-json\/wp\/v2\/comments?post=12623"}],"version-history":[{"count":1,"href":"https:\/\/claretianocucuta.edu.co\/web\/wp-json\/wp\/v2\/posts\/12623\/revisions"}],"predecessor-version":[{"id":12642,"href":"https:\/\/claretianocucuta.edu.co\/web\/wp-json\/wp\/v2\/posts\/12623\/revisions\/12642"}],"wp:featuredmedia":[{"embeddable":true,"href":"https:\/\/claretianocucuta.edu.co\/web\/wp-json\/wp\/v2\/media\/12634"}],"wp:attachment":[{"href":"https:\/\/claretianocucuta.edu.co\/web\/wp-json\/wp\/v2\/media?parent=12623"}],"wp:term":[{"taxonomy":"category","embeddable":true,"href":"https:\/\/claretianocucuta.edu.co\/web\/wp-json\/wp\/v2\/categories?post=12623"},{"taxonomy":"post_tag","embeddable":true,"href":"https:\/\/claretianocucuta.edu.co\/web\/wp-json\/wp\/v2\/tags?post=12623"}],"curies":[{"name":"wp","href":"https:\/\/api.w.org\/{rel}","templated":true}]}}