{"id":12620,"date":"2025-01-27T11:58:42","date_gmt":"2025-01-27T16:58:42","guid":{"rendered":"https:\/\/claretianocucuta.edu.co\/web\/?p=12620"},"modified":"2026-02-04T18:35:05","modified_gmt":"2026-02-04T23:35:05","slug":"inicio-de-clases-2025-un-ano-para-aprender-y-crecer","status":"publish","type":"post","link":"https:\/\/claretianocucuta.edu.co\/web\/inicio-de-clases-2025-un-ano-para-aprender-y-crecer\/","title":{"rendered":"\u00a1Inicio de Clases 2025! Un A\u00f1o para Aprender y Crecer"},"content":{"rendered":"<p class=\"\" data-start=\"263\" data-end=\"520\">El pasado <strong data-start=\"273\" data-end=\"293\">27 y 28 de enero<\/strong>, dimos inicio a un nuevo ciclo escolar lleno de entusiasmo, energ\u00eda y muchas expectativas. Con gran alegr\u00eda, recibimos a nuestros estudiantes, quienes llegaron con emoci\u00f3n y ganas de vivir nuevas experiencias de aprendizaje.<\/p>\n<p class=\"\" data-start=\"522\" data-end=\"800\">\ud83d\udc69\u200d\ud83c\udfeb Durante estos d\u00edas, nuestros docentes y alumnos participaron en actividades de bienvenida e integraci\u00f3n, fortaleciendo el sentido de comunidad claretiana. Las aulas se llenaron de sonrisas, reencuentros y el compromiso de hacer de este <strong data-start=\"764\" data-end=\"772\">2025<\/strong> un a\u00f1o de grandes logros.<\/p>\n<p class=\"\" data-start=\"802\" data-end=\"937\">\ud83d\ude4f Como familia claretiana, iniciamos este camino con fe, dedicaci\u00f3n y el deseo de crecer juntos en valores, conocimiento y esp\u00edritu.<\/p>\n<p class=\"\" data-start=\"1081\" data-end=\"1139\">\u00a1Bienvenidos a esta nueva aventura de aprendizaje! \ud83d\udc99\ud83d\udcd6\u2728<\/p>\n<p class=\"\" data-start=\"1141\" data-end=\"1221\">#InicioDeClases2025 #ColegioClaretianoC\u00facuta #AprenderYCrecer #FamiliaClaretiana<\/p>\n","protected":false},"excerpt":{"rendered":"<p>El pasado 27 y 28 de enero, dimos inicio a un nuevo ciclo escolar lleno de entusiasmo, energ\u00eda y muchas expectativas. Con gran alegr\u00eda, recibimos a nuestros estudiantes, quienes llegaron con emoci\u00f3n y ganas de vivir nuevas experiencias de aprendizaje. &hellip; <\/p>\n","protected":false},"author":9,"featured_media":12600,"comment_status":"closed","ping_status":"closed","sticky":false,"template":"","format":"gallery","meta":{"footnotes":""},"categories":[3483],"tags":[],"class_list":["post-12620","post","type-post","status-publish","format-gallery","has-post-thumbnail","hentry","category-actividades-escolares","post_format-post-format-gallery"],"_links":{"self":[{"href":"https:\/\/claretianocucuta.edu.co\/web\/wp-json\/wp\/v2\/posts\/12620","targetHints":{"allow":["GET"]}}],"collection":[{"href":"https:\/\/claretianocucuta.edu.co\/web\/wp-json\/wp\/v2\/posts"}],"about":[{"href":"https:\/\/claretianocucuta.edu.co\/web\/wp-json\/wp\/v2\/types\/post"}],"author":[{"embeddable":true,"href":"https:\/\/claretianocucuta.edu.co\/web\/wp-json\/wp\/v2\/users\/9"}],"replies":[{"embeddable":true,"href":"https:\/\/claretianocucuta.edu.co\/web\/wp-json\/wp\/v2\/comments?post=12620"}],"version-history":[{"count":2,"href":"https:\/\/claretianocucuta.edu.co\/web\/wp-json\/wp\/v2\/posts\/12620\/revisions"}],"predecessor-version":[{"id":12622,"href":"https:\/\/claretianocucuta.edu.co\/web\/wp-json\/wp\/v2\/posts\/12620\/revisions\/12622"}],"wp:featuredmedia":[{"embeddable":true,"href":"https:\/\/claretianocucuta.edu.co\/web\/wp-json\/wp\/v2\/media\/12600"}],"wp:attachment":[{"href":"https:\/\/claretianocucuta.edu.co\/web\/wp-json\/wp\/v2\/media?parent=12620"}],"wp:term":[{"taxonomy":"category","embeddable":true,"href":"https:\/\/claretianocucuta.edu.co\/web\/wp-json\/wp\/v2\/categories?post=12620"},{"taxonomy":"post_tag","embeddable":true,"href":"https:\/\/claretianocucuta.edu.co\/web\/wp-json\/wp\/v2\/tags?post=12620"}],"curies":[{"name":"wp","href":"https:\/\/api.w.org\/{rel}","templated":true}]}}