{"id":12493,"date":"2025-12-01T07:00:07","date_gmt":"2025-12-01T12:00:07","guid":{"rendered":"https:\/\/claretianocucuta.edu.co\/web\/?p=12493"},"modified":"2025-12-01T07:47:04","modified_gmt":"2025-12-01T12:47:04","slug":"listado-de-utiles-escolares-2026","status":"publish","type":"post","link":"https:\/\/claretianocucuta.edu.co\/web\/listado-de-utiles-escolares-2026\/","title":{"rendered":"Listado de \u00fatiles escolares 2026"},"content":{"rendered":"<p><strong>\u00a1Atenci\u00f3n, Familia Claretiana!<\/strong><\/p>\n<p><img loading=\"lazy\" decoding=\"async\" class=\"wp-image-12705 alignleft\" src=\"https:\/\/claretianocucuta.edu.co\/web\/wp-content\/uploads\/2024\/01\/Generated-Image-December-01-2025-7_42AM.png\" alt=\"\" width=\"242\" height=\"242\" srcset=\"https:\/\/claretianocucuta.edu.co\/web\/wp-content\/uploads\/2024\/01\/Generated-Image-December-01-2025-7_42AM.png 1024w, https:\/\/claretianocucuta.edu.co\/web\/wp-content\/uploads\/2024\/01\/Generated-Image-December-01-2025-7_42AM-300x300.png 300w, https:\/\/claretianocucuta.edu.co\/web\/wp-content\/uploads\/2024\/01\/Generated-Image-December-01-2025-7_42AM-150x150.png 150w, https:\/\/claretianocucuta.edu.co\/web\/wp-content\/uploads\/2024\/01\/Generated-Image-December-01-2025-7_42AM-768x768.png 768w\" sizes=\"auto, (max-width: 242px) 100vw, 242px\" \/>Les informamos que la <strong>lista de \u00fatiles escolares para el a\u00f1o acad\u00e9mico 2026<\/strong>\u00a0ya se encuentra disponible en nuestra p\u00e1gina web. Los invitamos a consultarla y prepararse con anticipaci\u00f3n para el inicio del nuevo a\u00f1o escolar.<\/p>\n<p>Para m\u00e1s informaci\u00f3n, pueden dirigirse a la p\u00e1gina oficial del colegio https:\/\/claretianocucuta.edu.co\/web\/listado-de-utiles-escolares-2026\/ o contactar la secretar\u00eda acad\u00e9mica.<\/p>\n<p>\u00a1Gracias por su compromiso y entusiasmo en este nuevo ciclo de aprendizaje!<\/p>\n<p>Equipo Administrativo<br \/>\nColegio Claretiano de C\u00facuta<\/p>\n","protected":false},"excerpt":{"rendered":"<p>\u00a1Atenci\u00f3n, Familia Claretiana! Les informamos que la lista de \u00fatiles escolares para el a\u00f1o acad\u00e9mico 2026\u00a0ya se encuentra disponible en nuestra p\u00e1gina web. Los invitamos a consultarla y prepararse con anticipaci\u00f3n para el inicio del nuevo a\u00f1o escolar. Para m\u00e1s &hellip; <\/p>\n","protected":false},"author":9,"featured_media":0,"comment_status":"closed","ping_status":"closed","sticky":false,"template":"","format":"aside","meta":{"footnotes":""},"categories":[3477],"tags":[],"class_list":["post-12493","post","type-post","status-publish","format-aside","hentry","category-descargas","post_format-post-format-aside"],"_links":{"self":[{"href":"https:\/\/claretianocucuta.edu.co\/web\/wp-json\/wp\/v2\/posts\/12493","targetHints":{"allow":["GET"]}}],"collection":[{"href":"https:\/\/claretianocucuta.edu.co\/web\/wp-json\/wp\/v2\/posts"}],"about":[{"href":"https:\/\/claretianocucuta.edu.co\/web\/wp-json\/wp\/v2\/types\/post"}],"author":[{"embeddable":true,"href":"https:\/\/claretianocucuta.edu.co\/web\/wp-json\/wp\/v2\/users\/9"}],"replies":[{"embeddable":true,"href":"https:\/\/claretianocucuta.edu.co\/web\/wp-json\/wp\/v2\/comments?post=12493"}],"version-history":[{"count":7,"href":"https:\/\/claretianocucuta.edu.co\/web\/wp-json\/wp\/v2\/posts\/12493\/revisions"}],"predecessor-version":[{"id":12706,"href":"https:\/\/claretianocucuta.edu.co\/web\/wp-json\/wp\/v2\/posts\/12493\/revisions\/12706"}],"wp:attachment":[{"href":"https:\/\/claretianocucuta.edu.co\/web\/wp-json\/wp\/v2\/media?parent=12493"}],"wp:term":[{"taxonomy":"category","embeddable":true,"href":"https:\/\/claretianocucuta.edu.co\/web\/wp-json\/wp\/v2\/categories?post=12493"},{"taxonomy":"post_tag","embeddable":true,"href":"https:\/\/claretianocucuta.edu.co\/web\/wp-json\/wp\/v2\/tags?post=12493"}],"curies":[{"name":"wp","href":"https:\/\/api.w.org\/{rel}","templated":true}]}}