{"id":12132,"date":"2020-03-05T18:03:31","date_gmt":"2020-03-05T23:03:31","guid":{"rendered":"https:\/\/claretianocucuta.edu.co\/web\/?p=12132"},"modified":"2020-03-05T18:03:39","modified_gmt":"2020-03-05T23:03:39","slug":"izada-de-bandera-207-anos-de-la-batalla-de-cucuta","status":"publish","type":"post","link":"https:\/\/claretianocucuta.edu.co\/web\/izada-de-bandera-207-anos-de-la-batalla-de-cucuta\/","title":{"rendered":"Izada de bandera: 207 a\u00f1os de la Batalla de C\u00facuta"},"content":{"rendered":"<p>La batalla de C\u00facuta es la m\u00e1xima fiesta patria de los cucute\u00f1os y guarda un significado especial en la vida de Sim\u00f3n Bol\u00edvar y en todos los que habitamos estas tierra liberadas del yugo espa\u00f1ol.<\/p>\n","protected":false},"excerpt":{"rendered":"<p>La batalla de C\u00facuta es la m\u00e1xima fiesta patria de los cucute\u00f1os y guarda un significado especial en la vida de Sim\u00f3n Bol\u00edvar y en todos los que habitamos estas tierra liberadas del yugo espa\u00f1ol.<\/p>\n","protected":false},"author":9,"featured_media":12133,"comment_status":"closed","ping_status":"closed","sticky":false,"template":"","format":"gallery","meta":{"footnotes":""},"categories":[3470,3471],"tags":[],"class_list":["post-12132","post","type-post","status-publish","format-gallery","has-post-thumbnail","hentry","category-celebraciones","category-izadas-de-bandera","post_format-post-format-gallery"],"_links":{"self":[{"href":"https:\/\/claretianocucuta.edu.co\/web\/wp-json\/wp\/v2\/posts\/12132","targetHints":{"allow":["GET"]}}],"collection":[{"href":"https:\/\/claretianocucuta.edu.co\/web\/wp-json\/wp\/v2\/posts"}],"about":[{"href":"https:\/\/claretianocucuta.edu.co\/web\/wp-json\/wp\/v2\/types\/post"}],"author":[{"embeddable":true,"href":"https:\/\/claretianocucuta.edu.co\/web\/wp-json\/wp\/v2\/users\/9"}],"replies":[{"embeddable":true,"href":"https:\/\/claretianocucuta.edu.co\/web\/wp-json\/wp\/v2\/comments?post=12132"}],"version-history":[{"count":2,"href":"https:\/\/claretianocucuta.edu.co\/web\/wp-json\/wp\/v2\/posts\/12132\/revisions"}],"predecessor-version":[{"id":12152,"href":"https:\/\/claretianocucuta.edu.co\/web\/wp-json\/wp\/v2\/posts\/12132\/revisions\/12152"}],"wp:featuredmedia":[{"embeddable":true,"href":"https:\/\/claretianocucuta.edu.co\/web\/wp-json\/wp\/v2\/media\/12133"}],"wp:attachment":[{"href":"https:\/\/claretianocucuta.edu.co\/web\/wp-json\/wp\/v2\/media?parent=12132"}],"wp:term":[{"taxonomy":"category","embeddable":true,"href":"https:\/\/claretianocucuta.edu.co\/web\/wp-json\/wp\/v2\/categories?post=12132"},{"taxonomy":"post_tag","embeddable":true,"href":"https:\/\/claretianocucuta.edu.co\/web\/wp-json\/wp\/v2\/tags?post=12132"}],"curies":[{"name":"wp","href":"https:\/\/api.w.org\/{rel}","templated":true}]}}